{"id":1024,"date":"2022-03-11T14:27:13","date_gmt":"2022-03-11T13:27:13","guid":{"rendered":"https:\/\/grub-architekten.de\/wp\/?p=1024"},"modified":"2026-03-26T09:45:35","modified_gmt":"2026-03-26T08:45:35","slug":"wohnresidenz-spiegelberg-nierstein","status":"publish","type":"post","link":"https:\/\/grub-architekten.de\/?p=1024","title":{"rendered":"Wohnresidenz Spiegelberg Nierstein"},"content":{"rendered":"\n<ul><li>Neubau von 35 Wohnungen in f\u00fcnf Geb\u00e4uden einschlie\u00dflich Tiefgarage<\/li><li>In Zusammenarbeit mit Grossmann Schmitz-Engels, Berlin<\/li><li>Im Bau, Fertigstellung Sommer 2022<\/li><\/ul>\n\n\n\n<figure class=\"wp-block-image size-large is-resized\"><img src=\"https:\/\/grub-architekten.de\/wp-content\/uploads\/2026\/03\/nierstein-01-1024x768.jpg\" alt=\"\" class=\"wp-image-1605\" width=\"1920\" srcset=\"https:\/\/grub-architekten.de\/wp-content\/uploads\/2026\/03\/nierstein-01-1024x768.jpg 1024w, https:\/\/grub-architekten.de\/wp-content\/uploads\/2026\/03\/nierstein-01-300x225.jpg 300w, https:\/\/grub-architekten.de\/wp-content\/uploads\/2026\/03\/nierstein-01-768x576.jpg 768w, https:\/\/grub-architekten.de\/wp-content\/uploads\/2026\/03\/nierstein-01-1536x1152.jpg 1536w, https:\/\/grub-architekten.de\/wp-content\/uploads\/2026\/03\/nierstein-01.jpg 1920w\" sizes=\"(max-width: 1024px) 100vw, 1024px\" \/><\/figure>\n\n\n\n<div class=\"wp-container-1 wp-block-group\"><div class=\"wp-block-group__inner-container\">\n<div class=\"wp-block-columns\">\n<div class=\"wp-block-column\" style=\"flex-basis:30%\">\n<figure class=\"wp-block-image size-large\"><img loading=\"lazy\" width=\"684\" height=\"1024\" src=\"https:\/\/grub-architekten.de\/wp-content\/uploads\/2022\/08\/nierstein_02-684x1024.webp\" alt=\"\" class=\"wp-image-1493\" srcset=\"https:\/\/grub-architekten.de\/wp-content\/uploads\/2022\/08\/nierstein_02-684x1024.webp 684w, https:\/\/grub-architekten.de\/wp-content\/uploads\/2022\/08\/nierstein_02-200x300.webp 200w, https:\/\/grub-architekten.de\/wp-content\/uploads\/2022\/08\/nierstein_02-768x1150.webp 768w, https:\/\/grub-architekten.de\/wp-content\/uploads\/2022\/08\/nierstein_02-1026x1536.webp 1026w, https:\/\/grub-architekten.de\/wp-content\/uploads\/2022\/08\/nierstein_02.webp 1280w\" sizes=\"(max-width: 684px) 100vw, 684px\" \/><\/figure>\n<\/div>\n\n\n\n<div class=\"wp-block-column\" style=\"flex-basis:67.5%\">\n<figure class=\"wp-block-image size-large\"><img loading=\"lazy\" width=\"1024\" height=\"683\" src=\"https:\/\/grub-architekten.de\/wp-content\/uploads\/2022\/08\/nierstein_03-1024x683.webp\" alt=\"\" class=\"wp-image-1494\" srcset=\"https:\/\/grub-architekten.de\/wp-content\/uploads\/2022\/08\/nierstein_03-1024x683.webp 1024w, https:\/\/grub-architekten.de\/wp-content\/uploads\/2022\/08\/nierstein_03-300x200.webp 300w, https:\/\/grub-architekten.de\/wp-content\/uploads\/2022\/08\/nierstein_03-768x512.webp 768w, https:\/\/grub-architekten.de\/wp-content\/uploads\/2022\/08\/nierstein_03-1536x1024.webp 1536w, https:\/\/grub-architekten.de\/wp-content\/uploads\/2022\/08\/nierstein_03.webp 1920w\" sizes=\"(max-width: 1024px) 100vw, 1024px\" \/><\/figure>\n<\/div>\n<\/div>\n<\/div><\/div>\n","protected":false},"excerpt":{"rendered":"<p>Neubau von 35 Wohnungen in f\u00fcnf Geb\u00e4uden einschlie\u00dflich Tiefgarage In Zusammenarbeit mit Grossmann Schmitz-Engels, Berlin Im Bau, Fertigstellung Sommer 2022<\/p>\n","protected":false},"author":3,"featured_media":1492,"comment_status":"closed","ping_status":"closed","sticky":false,"template":"","format":"standard","meta":[],"categories":[1],"tags":[],"_links":{"self":[{"href":"https:\/\/grub-architekten.de\/index.php?rest_route=\/wp\/v2\/posts\/1024"}],"collection":[{"href":"https:\/\/grub-architekten.de\/index.php?rest_route=\/wp\/v2\/posts"}],"about":[{"href":"https:\/\/grub-architekten.de\/index.php?rest_route=\/wp\/v2\/types\/post"}],"author":[{"embeddable":true,"href":"https:\/\/grub-architekten.de\/index.php?rest_route=\/wp\/v2\/users\/3"}],"replies":[{"embeddable":true,"href":"https:\/\/grub-architekten.de\/index.php?rest_route=%2Fwp%2Fv2%2Fcomments&post=1024"}],"version-history":[{"count":21,"href":"https:\/\/grub-architekten.de\/index.php?rest_route=\/wp\/v2\/posts\/1024\/revisions"}],"predecessor-version":[{"id":1609,"href":"https:\/\/grub-architekten.de\/index.php?rest_route=\/wp\/v2\/posts\/1024\/revisions\/1609"}],"wp:featuredmedia":[{"embeddable":true,"href":"https:\/\/grub-architekten.de\/index.php?rest_route=\/wp\/v2\/media\/1492"}],"wp:attachment":[{"href":"https:\/\/grub-architekten.de\/index.php?rest_route=%2Fwp%2Fv2%2Fmedia&parent=1024"}],"wp:term":[{"taxonomy":"category","embeddable":true,"href":"https:\/\/grub-architekten.de\/index.php?rest_route=%2Fwp%2Fv2%2Fcategories&post=1024"},{"taxonomy":"post_tag","embeddable":true,"href":"https:\/\/grub-architekten.de\/index.php?rest_route=%2Fwp%2Fv2%2Ftags&post=1024"}],"curies":[{"name":"wp","href":"https:\/\/api.w.org\/{rel}","templated":true}]}}