{"id":1147,"date":"2022-03-11T14:31:09","date_gmt":"2022-03-11T13:31:09","guid":{"rendered":"https:\/\/grub-architekten.de\/wp\/?p=1147"},"modified":"2022-03-24T13:25:30","modified_gmt":"2022-03-24T12:25:30","slug":"protestantische-kindertagesstaette-johann-schwebel-strasse-zweibruecken","status":"publish","type":"post","link":"https:\/\/grub-architekten.de\/?p=1147","title":{"rendered":"Protestantische Kindertagesst\u00e4tte Johann-Schwebel-Stra\u00dfe Zweibr\u00fccken"},"content":{"rendered":"\n<ul><li>Generalsanierung und Erweiterung einer 3-gruppigen Kita<\/li><li>Fertigstellung Dezember 2020<\/li><\/ul>\n\n\n\n<div class=\"wp-block-columns\">\n<div class=\"wp-block-column\" style=\"flex-basis:50%\">\n<figure class=\"wp-block-gallery has-nested-images columns-default is-cropped\">\n<figure class=\"wp-block-image size-full is-style-default\"><img loading=\"lazy\" width=\"800\" height=\"450\" src=\"https:\/\/grub-architekten.de\/wp-content\/uploads\/2022\/03\/Kindergarten-Johann-Schwebel-eaa37d89.jpeg\" alt=\"\" class=\"wp-image-1176\" srcset=\"https:\/\/grub-architekten.de\/wp-content\/uploads\/2022\/03\/Kindergarten-Johann-Schwebel-eaa37d89.jpeg 800w, https:\/\/grub-architekten.de\/wp-content\/uploads\/2022\/03\/Kindergarten-Johann-Schwebel-eaa37d89-300x169.jpeg 300w, https:\/\/grub-architekten.de\/wp-content\/uploads\/2022\/03\/Kindergarten-Johann-Schwebel-eaa37d89-768x432.jpeg 768w\" sizes=\"(max-width: 800px) 100vw, 800px\" \/><\/figure>\n<\/figure>\n<\/div>\n\n\n\n<div class=\"wp-block-column\" style=\"flex-basis:50%\"><\/div>\n<\/div>\n","protected":false},"excerpt":{"rendered":"<p>Generalsanierung und Erweiterung einer 3-gruppigen Kita Fertigstellung Dezember 2020<\/p>\n","protected":false},"author":3,"featured_media":1413,"comment_status":"closed","ping_status":"closed","sticky":false,"template":"","format":"standard","meta":[],"categories":[1],"tags":[],"_links":{"self":[{"href":"https:\/\/grub-architekten.de\/index.php?rest_route=\/wp\/v2\/posts\/1147"}],"collection":[{"href":"https:\/\/grub-architekten.de\/index.php?rest_route=\/wp\/v2\/posts"}],"about":[{"href":"https:\/\/grub-architekten.de\/index.php?rest_route=\/wp\/v2\/types\/post"}],"author":[{"embeddable":true,"href":"https:\/\/grub-architekten.de\/index.php?rest_route=\/wp\/v2\/users\/3"}],"replies":[{"embeddable":true,"href":"https:\/\/grub-architekten.de\/index.php?rest_route=%2Fwp%2Fv2%2Fcomments&post=1147"}],"version-history":[{"count":4,"href":"https:\/\/grub-architekten.de\/index.php?rest_route=\/wp\/v2\/posts\/1147\/revisions"}],"predecessor-version":[{"id":1416,"href":"https:\/\/grub-architekten.de\/index.php?rest_route=\/wp\/v2\/posts\/1147\/revisions\/1416"}],"wp:featuredmedia":[{"embeddable":true,"href":"https:\/\/grub-architekten.de\/index.php?rest_route=\/wp\/v2\/media\/1413"}],"wp:attachment":[{"href":"https:\/\/grub-architekten.de\/index.php?rest_route=%2Fwp%2Fv2%2Fmedia&parent=1147"}],"wp:term":[{"taxonomy":"category","embeddable":true,"href":"https:\/\/grub-architekten.de\/index.php?rest_route=%2Fwp%2Fv2%2Fcategories&post=1147"},{"taxonomy":"post_tag","embeddable":true,"href":"https:\/\/grub-architekten.de\/index.php?rest_route=%2Fwp%2Fv2%2Ftags&post=1147"}],"curies":[{"name":"wp","href":"https:\/\/api.w.org\/{rel}","templated":true}]}}