{"id":1162,"date":"2022-03-11T15:02:43","date_gmt":"2022-03-11T14:02:43","guid":{"rendered":"https:\/\/grub-architekten.de\/wp\/?p=1162"},"modified":"2026-03-24T14:00:27","modified_gmt":"2026-03-24T13:00:27","slug":"kindertagesstaetten-auszug","status":"publish","type":"post","link":"https:\/\/grub-architekten.de\/?p=1162","title":{"rendered":"Kindertagesst\u00e4tten (Auszug)"},"content":{"rendered":"\n<ul><li>Kita und Gemeindezentrum Kr\u00f6ppen<\/li><li>Kita Herschweiler-Pettersheim<\/li><li>Kita Battweiler (Machbarkeitsstudie)<\/li><li>Kita Meisenstra\u00dfe, Zweibr\u00fccken (Hochwassersanierung)<\/li><li>Kita Louise-Scheppler, St. Ingbert<\/li><li>Kita Schatzkiste, Zweibr\u00fccken<\/li><li>Kita Papperlapapp, Zweibr\u00fccken<\/li><li>Integrative Kita Heiligentalstra\u00dfe, Zweibr\u00fccken<\/li><li>Kita Heilig Kreuz, Zweibr\u00fccken<\/li><li>Kita Rimschweiler<\/li><li>Kita Pusteblume Oberauerbach<\/li><li>Kita Wallstra\u00dfe Zweibr\u00fccken<\/li><li>Kita Bottenbach<\/li><li>Kita Mimbach<\/li><li>Kita Weizenkorn, Winterbach<\/li><li>Kita Webenheim<\/li><li>Kita Christuskirche, St. Ingbert<\/li><\/ul>\n\n\n\n<div class=\"wp-container-2 wp-block-group\"><div class=\"wp-block-group__inner-container\">\n<div class=\"wp-container-1 wp-block-group\"><div class=\"wp-block-group__inner-container\">\n<div class=\"wp-block-columns\">\n<div class=\"wp-block-column\" style=\"flex-basis:100%\">\n<figure class=\"wp-block-gallery has-nested-images columns-2 is-cropped\">\n<figure class=\"wp-block-image size-large is-style-default\"><img loading=\"lazy\" width=\"300\" height=\"200\" src=\"https:\/\/grub-architekten.de\/wp-content\/uploads\/2022\/03\/Kita_Mimbach_2-300x200.webp\" alt=\"\" class=\"wp-image-1479\" srcset=\"https:\/\/grub-architekten.de\/wp-content\/uploads\/2022\/03\/Kita_Mimbach_2-300x200.webp 300w, https:\/\/grub-architekten.de\/wp-content\/uploads\/2022\/03\/Kita_Mimbach_2-1024x683.webp 1024w, https:\/\/grub-architekten.de\/wp-content\/uploads\/2022\/03\/Kita_Mimbach_2-768x512.webp 768w, https:\/\/grub-architekten.de\/wp-content\/uploads\/2022\/03\/Kita_Mimbach_2-1536x1024.webp 1536w, https:\/\/grub-architekten.de\/wp-content\/uploads\/2022\/03\/Kita_Mimbach_2.webp 1920w\" sizes=\"(max-width: 300px) 100vw, 300px\" \/><\/figure>\n\n\n\n<figure class=\"wp-block-image size-large\"><img loading=\"lazy\" width=\"1024\" height=\"683\" src=\"https:\/\/grub-architekten.de\/wp-content\/uploads\/2022\/08\/Kita_Ernstweiler_03-1024x683.webp\" alt=\"\" class=\"wp-image-1480\" srcset=\"https:\/\/grub-architekten.de\/wp-content\/uploads\/2022\/08\/Kita_Ernstweiler_03-1024x683.webp 1024w, https:\/\/grub-architekten.de\/wp-content\/uploads\/2022\/08\/Kita_Ernstweiler_03-300x200.webp 300w, https:\/\/grub-architekten.de\/wp-content\/uploads\/2022\/08\/Kita_Ernstweiler_03-768x512.webp 768w, https:\/\/grub-architekten.de\/wp-content\/uploads\/2022\/08\/Kita_Ernstweiler_03-1536x1024.webp 1536w, https:\/\/grub-architekten.de\/wp-content\/uploads\/2022\/08\/Kita_Ernstweiler_03.webp 1920w\" sizes=\"(max-width: 1024px) 100vw, 1024px\" \/><\/figure>\n<\/figure>\n<\/div>\n<\/div>\n<\/div><\/div>\n<\/div><\/div>\n\n\n\n<p><\/p>\n","protected":false},"excerpt":{"rendered":"<p>Kita und Gemeindezentrum Kr\u00f6ppen Kita Herschweiler-Pettersheim Kita Battweiler (Machbarkeitsstudie) Kita Meisenstra\u00dfe, Zweibr\u00fccken (Hochwassersanierung) Kita Louise-Scheppler, St. Ingbert Kita Schatzkiste, Zweibr\u00fccken Kita Papperlapapp, Zweibr\u00fccken Integrative Kita Heiligentalstra\u00dfe, Zweibr\u00fccken Kita Heilig Kreuz, Zweibr\u00fccken Kita Rimschweiler Kita Pusteblume Oberauerbach Kita Wallstra\u00dfe Zweibr\u00fccken Kita Bottenbach Kita Mimbach Kita Weizenkorn, Winterbach Kita Webenheim Kita Christuskirche, St. Ingbert<\/p>\n","protected":false},"author":3,"featured_media":1509,"comment_status":"closed","ping_status":"closed","sticky":false,"template":"","format":"standard","meta":[],"categories":[1],"tags":[],"_links":{"self":[{"href":"https:\/\/grub-architekten.de\/index.php?rest_route=\/wp\/v2\/posts\/1162"}],"collection":[{"href":"https:\/\/grub-architekten.de\/index.php?rest_route=\/wp\/v2\/posts"}],"about":[{"href":"https:\/\/grub-architekten.de\/index.php?rest_route=\/wp\/v2\/types\/post"}],"author":[{"embeddable":true,"href":"https:\/\/grub-architekten.de\/index.php?rest_route=\/wp\/v2\/users\/3"}],"replies":[{"embeddable":true,"href":"https:\/\/grub-architekten.de\/index.php?rest_route=%2Fwp%2Fv2%2Fcomments&post=1162"}],"version-history":[{"count":11,"href":"https:\/\/grub-architekten.de\/index.php?rest_route=\/wp\/v2\/posts\/1162\/revisions"}],"predecessor-version":[{"id":1567,"href":"https:\/\/grub-architekten.de\/index.php?rest_route=\/wp\/v2\/posts\/1162\/revisions\/1567"}],"wp:featuredmedia":[{"embeddable":true,"href":"https:\/\/grub-architekten.de\/index.php?rest_route=\/wp\/v2\/media\/1509"}],"wp:attachment":[{"href":"https:\/\/grub-architekten.de\/index.php?rest_route=%2Fwp%2Fv2%2Fmedia&parent=1162"}],"wp:term":[{"taxonomy":"category","embeddable":true,"href":"https:\/\/grub-architekten.de\/index.php?rest_route=%2Fwp%2Fv2%2Fcategories&post=1162"},{"taxonomy":"post_tag","embeddable":true,"href":"https:\/\/grub-architekten.de\/index.php?rest_route=%2Fwp%2Fv2%2Ftags&post=1162"}],"curies":[{"name":"wp","href":"https:\/\/api.w.org\/{rel}","templated":true}]}}