{"id":1167,"date":"2022-03-11T15:07:48","date_gmt":"2022-03-11T14:07:48","guid":{"rendered":"https:\/\/grub-architekten.de\/wp\/?p=1167"},"modified":"2022-03-17T15:20:04","modified_gmt":"2022-03-17T14:20:04","slug":"bauten-der-pflege-altenheime","status":"publish","type":"post","link":"https:\/\/grub-architekten.de\/?p=1167","title":{"rendered":"Bauten der Pflege, Altenheime (Auszug)"},"content":{"rendered":"\n<ul><li>DRK Altenheim, Ramstein<\/li><li>Altenpflegezentrum Haus Georg, Bruchm\u00fchlbach-Miesau<\/li><li>Altenpflegezentrum St. Laurentius, Namborn<\/li><li>Seniorenzentrum, W\u00f6rth<\/li><li>Nardinihaus, Pirmasens<\/li><li>AHZ Himmelsberg, Zweibr\u00fccken (LPH 1-7)<\/li><li>St. Augustin, P\u00fcttlingen (Projektstudie)<\/li><li>Altenpflegeeinrichtung, Riegelsberg (Projektstudie)<\/li><li>Altenpflegeeinrichtung, Villa Schwinn Zweibr\u00fccken (Projektstudie)<\/li><li>Hospiz, Bad D\u00fcrkheim (Projektstudie)<\/li><\/ul>\n\n\n\n<p><\/p>\n","protected":false},"excerpt":{"rendered":"<p>DRK Altenheim, Ramstein Altenpflegezentrum Haus Georg, Bruchm\u00fchlbach-Miesau Altenpflegezentrum St. Laurentius, Namborn Seniorenzentrum, W\u00f6rth Nardinihaus, Pirmasens AHZ Himmelsberg, Zweibr\u00fccken (LPH 1-7) St. Augustin, P\u00fcttlingen (Projektstudie) Altenpflegeeinrichtung, Riegelsberg (Projektstudie) Altenpflegeeinrichtung, Villa Schwinn Zweibr\u00fccken (Projektstudie) Hospiz, Bad D\u00fcrkheim (Projektstudie)<\/p>\n","protected":false},"author":3,"featured_media":0,"comment_status":"closed","ping_status":"closed","sticky":false,"template":"","format":"standard","meta":[],"categories":[1],"tags":[],"_links":{"self":[{"href":"https:\/\/grub-architekten.de\/index.php?rest_route=\/wp\/v2\/posts\/1167"}],"collection":[{"href":"https:\/\/grub-architekten.de\/index.php?rest_route=\/wp\/v2\/posts"}],"about":[{"href":"https:\/\/grub-architekten.de\/index.php?rest_route=\/wp\/v2\/types\/post"}],"author":[{"embeddable":true,"href":"https:\/\/grub-architekten.de\/index.php?rest_route=\/wp\/v2\/users\/3"}],"replies":[{"embeddable":true,"href":"https:\/\/grub-architekten.de\/index.php?rest_route=%2Fwp%2Fv2%2Fcomments&post=1167"}],"version-history":[{"count":5,"href":"https:\/\/grub-architekten.de\/index.php?rest_route=\/wp\/v2\/posts\/1167\/revisions"}],"predecessor-version":[{"id":1293,"href":"https:\/\/grub-architekten.de\/index.php?rest_route=\/wp\/v2\/posts\/1167\/revisions\/1293"}],"wp:attachment":[{"href":"https:\/\/grub-architekten.de\/index.php?rest_route=%2Fwp%2Fv2%2Fmedia&parent=1167"}],"wp:term":[{"taxonomy":"category","embeddable":true,"href":"https:\/\/grub-architekten.de\/index.php?rest_route=%2Fwp%2Fv2%2Fcategories&post=1167"},{"taxonomy":"post_tag","embeddable":true,"href":"https:\/\/grub-architekten.de\/index.php?rest_route=%2Fwp%2Fv2%2Ftags&post=1167"}],"curies":[{"name":"wp","href":"https:\/\/api.w.org\/{rel}","templated":true}]}}