{"id":1545,"date":"2026-03-24T13:30:49","date_gmt":"2026-03-24T12:30:49","guid":{"rendered":"https:\/\/grub-architekten.de\/?p=1545"},"modified":"2026-04-01T16:24:17","modified_gmt":"2026-04-01T14:24:17","slug":"grundschule-contwig-stambach","status":"publish","type":"post","link":"https:\/\/grub-architekten.de\/?p=1545","title":{"rendered":"Grundschule Contwig-Stambach"},"content":{"rendered":"\n<ul><li>Sanierung und Erweiterung nach neuer Schulbaurichtlinie RLP<\/li><li>3-z\u00fcgig als Clusterkonzeption (Flur-Lernzone)<\/li><li>12 Klassens\u00e4le, 2 GTS-R\u00e4ume, Atrium, Mensa, Mehrzweckraum etc.<\/li><li>in Planung<\/li><\/ul>\n\n\n\n<div class=\"wp-container-1 wp-block-group\"><div class=\"wp-block-group__inner-container\">\n<div class=\"wp-block-columns\">\n<div class=\"wp-block-column\" style=\"flex-basis:100%\">\n<div class=\"wp-block-columns\">\n<div class=\"wp-block-column\" style=\"flex-basis:100%\">\n<figure class=\"wp-block-gallery has-nested-images columns-3 is-cropped\">\n<figure class=\"wp-block-image size-full\"><img loading=\"lazy\" width=\"2226\" height=\"1242\" src=\"https:\/\/grub-architekten.de\/wp-content\/uploads\/2026\/03\/Bild1-1.jpg\" alt=\"\" class=\"wp-image-1549\" srcset=\"https:\/\/grub-architekten.de\/wp-content\/uploads\/2026\/03\/Bild1-1.jpg 2226w, https:\/\/grub-architekten.de\/wp-content\/uploads\/2026\/03\/Bild1-1-300x167.jpg 300w, https:\/\/grub-architekten.de\/wp-content\/uploads\/2026\/03\/Bild1-1-1024x571.jpg 1024w, https:\/\/grub-architekten.de\/wp-content\/uploads\/2026\/03\/Bild1-1-768x429.jpg 768w, https:\/\/grub-architekten.de\/wp-content\/uploads\/2026\/03\/Bild1-1-1536x857.jpg 1536w, https:\/\/grub-architekten.de\/wp-content\/uploads\/2026\/03\/Bild1-1-2048x1143.jpg 2048w\" sizes=\"(max-width: 2226px) 100vw, 2226px\" \/><\/figure>\n\n\n\n<figure class=\"wp-block-image size-full\"><img loading=\"lazy\" width=\"1920\" height=\"1321\" src=\"https:\/\/grub-architekten.de\/wp-content\/uploads\/2026\/03\/Projektcollage-ohne-Logo4.jpg\" alt=\"\" class=\"wp-image-1548\" srcset=\"https:\/\/grub-architekten.de\/wp-content\/uploads\/2026\/03\/Projektcollage-ohne-Logo4.jpg 1920w, https:\/\/grub-architekten.de\/wp-content\/uploads\/2026\/03\/Projektcollage-ohne-Logo4-300x206.jpg 300w, https:\/\/grub-architekten.de\/wp-content\/uploads\/2026\/03\/Projektcollage-ohne-Logo4-1024x705.jpg 1024w, https:\/\/grub-architekten.de\/wp-content\/uploads\/2026\/03\/Projektcollage-ohne-Logo4-768x528.jpg 768w, https:\/\/grub-architekten.de\/wp-content\/uploads\/2026\/03\/Projektcollage-ohne-Logo4-1536x1057.jpg 1536w\" sizes=\"(max-width: 1920px) 100vw, 1920px\" \/><\/figure>\n\n\n\n<figure class=\"wp-block-image size-full\"><img loading=\"lazy\" width=\"1920\" height=\"1321\" src=\"https:\/\/grub-architekten.de\/wp-content\/uploads\/2026\/03\/Projektcollage-ohne-Logo5.jpg\" alt=\"\" class=\"wp-image-1551\" srcset=\"https:\/\/grub-architekten.de\/wp-content\/uploads\/2026\/03\/Projektcollage-ohne-Logo5.jpg 1920w, https:\/\/grub-architekten.de\/wp-content\/uploads\/2026\/03\/Projektcollage-ohne-Logo5-300x206.jpg 300w, https:\/\/grub-architekten.de\/wp-content\/uploads\/2026\/03\/Projektcollage-ohne-Logo5-1024x705.jpg 1024w, https:\/\/grub-architekten.de\/wp-content\/uploads\/2026\/03\/Projektcollage-ohne-Logo5-768x528.jpg 768w, https:\/\/grub-architekten.de\/wp-content\/uploads\/2026\/03\/Projektcollage-ohne-Logo5-1536x1057.jpg 1536w\" sizes=\"(max-width: 1920px) 100vw, 1920px\" \/><\/figure>\n\n\n\n<figure class=\"wp-block-image size-full\"><img loading=\"lazy\" width=\"1920\" height=\"1321\" src=\"https:\/\/grub-architekten.de\/wp-content\/uploads\/2026\/03\/Projektcollage-ohne-Logo6.jpg\" alt=\"\" class=\"wp-image-1556\" srcset=\"https:\/\/grub-architekten.de\/wp-content\/uploads\/2026\/03\/Projektcollage-ohne-Logo6.jpg 1920w, https:\/\/grub-architekten.de\/wp-content\/uploads\/2026\/03\/Projektcollage-ohne-Logo6-300x206.jpg 300w, https:\/\/grub-architekten.de\/wp-content\/uploads\/2026\/03\/Projektcollage-ohne-Logo6-1024x705.jpg 1024w, https:\/\/grub-architekten.de\/wp-content\/uploads\/2026\/03\/Projektcollage-ohne-Logo6-768x528.jpg 768w, https:\/\/grub-architekten.de\/wp-content\/uploads\/2026\/03\/Projektcollage-ohne-Logo6-1536x1057.jpg 1536w\" sizes=\"(max-width: 1920px) 100vw, 1920px\" \/><\/figure>\n\n\n\n<figure class=\"wp-block-image size-full\"><img loading=\"lazy\" width=\"1920\" height=\"1321\" src=\"https:\/\/grub-architekten.de\/wp-content\/uploads\/2026\/03\/Projektcollage-ohne-Logo11.jpg\" alt=\"\" class=\"wp-image-1553\" srcset=\"https:\/\/grub-architekten.de\/wp-content\/uploads\/2026\/03\/Projektcollage-ohne-Logo11.jpg 1920w, https:\/\/grub-architekten.de\/wp-content\/uploads\/2026\/03\/Projektcollage-ohne-Logo11-300x206.jpg 300w, https:\/\/grub-architekten.de\/wp-content\/uploads\/2026\/03\/Projektcollage-ohne-Logo11-1024x705.jpg 1024w, https:\/\/grub-architekten.de\/wp-content\/uploads\/2026\/03\/Projektcollage-ohne-Logo11-768x528.jpg 768w, https:\/\/grub-architekten.de\/wp-content\/uploads\/2026\/03\/Projektcollage-ohne-Logo11-1536x1057.jpg 1536w\" sizes=\"(max-width: 1920px) 100vw, 1920px\" \/><\/figure>\n\n\n\n<figure class=\"wp-block-image size-full\"><img loading=\"lazy\" width=\"1920\" height=\"1072\" src=\"https:\/\/grub-architekten.de\/wp-content\/uploads\/2026\/04\/Sitzstufen-Visualisierung-Oben.jpg\" alt=\"\" class=\"wp-image-1669\" srcset=\"https:\/\/grub-architekten.de\/wp-content\/uploads\/2026\/04\/Sitzstufen-Visualisierung-Oben.jpg 1920w, https:\/\/grub-architekten.de\/wp-content\/uploads\/2026\/04\/Sitzstufen-Visualisierung-Oben-300x168.jpg 300w, https:\/\/grub-architekten.de\/wp-content\/uploads\/2026\/04\/Sitzstufen-Visualisierung-Oben-1024x572.jpg 1024w, https:\/\/grub-architekten.de\/wp-content\/uploads\/2026\/04\/Sitzstufen-Visualisierung-Oben-768x429.jpg 768w, https:\/\/grub-architekten.de\/wp-content\/uploads\/2026\/04\/Sitzstufen-Visualisierung-Oben-1536x858.jpg 1536w\" sizes=\"(max-width: 1920px) 100vw, 1920px\" \/><\/figure>\n\n\n\n<figure class=\"wp-block-image size-full\"><img loading=\"lazy\" width=\"1920\" height=\"1321\" src=\"https:\/\/grub-architekten.de\/wp-content\/uploads\/2026\/03\/Projektcollage-ohne-Logo10.jpg\" alt=\"\" class=\"wp-image-1554\" srcset=\"https:\/\/grub-architekten.de\/wp-content\/uploads\/2026\/03\/Projektcollage-ohne-Logo10.jpg 1920w, https:\/\/grub-architekten.de\/wp-content\/uploads\/2026\/03\/Projektcollage-ohne-Logo10-300x206.jpg 300w, https:\/\/grub-architekten.de\/wp-content\/uploads\/2026\/03\/Projektcollage-ohne-Logo10-1024x705.jpg 1024w, https:\/\/grub-architekten.de\/wp-content\/uploads\/2026\/03\/Projektcollage-ohne-Logo10-768x528.jpg 768w, https:\/\/grub-architekten.de\/wp-content\/uploads\/2026\/03\/Projektcollage-ohne-Logo10-1536x1057.jpg 1536w\" sizes=\"(max-width: 1920px) 100vw, 1920px\" \/><\/figure>\n\n\n\n<figure class=\"wp-block-image size-full\"><img loading=\"lazy\" width=\"1920\" height=\"1321\" src=\"https:\/\/grub-architekten.de\/wp-content\/uploads\/2026\/03\/Projektcollage-ohne-Logo7.jpg\" alt=\"\" class=\"wp-image-1557\" srcset=\"https:\/\/grub-architekten.de\/wp-content\/uploads\/2026\/03\/Projektcollage-ohne-Logo7.jpg 1920w, https:\/\/grub-architekten.de\/wp-content\/uploads\/2026\/03\/Projektcollage-ohne-Logo7-300x206.jpg 300w, https:\/\/grub-architekten.de\/wp-content\/uploads\/2026\/03\/Projektcollage-ohne-Logo7-1024x705.jpg 1024w, https:\/\/grub-architekten.de\/wp-content\/uploads\/2026\/03\/Projektcollage-ohne-Logo7-768x528.jpg 768w, https:\/\/grub-architekten.de\/wp-content\/uploads\/2026\/03\/Projektcollage-ohne-Logo7-1536x1057.jpg 1536w\" sizes=\"(max-width: 1920px) 100vw, 1920px\" \/><\/figure>\n\n\n\n<figure class=\"wp-block-image size-full\"><img loading=\"lazy\" width=\"1920\" height=\"1321\" src=\"https:\/\/grub-architekten.de\/wp-content\/uploads\/2026\/03\/Projektcollage-ohne-Logo8.jpg\" alt=\"\" class=\"wp-image-1555\" srcset=\"https:\/\/grub-architekten.de\/wp-content\/uploads\/2026\/03\/Projektcollage-ohne-Logo8.jpg 1920w, https:\/\/grub-architekten.de\/wp-content\/uploads\/2026\/03\/Projektcollage-ohne-Logo8-300x206.jpg 300w, https:\/\/grub-architekten.de\/wp-content\/uploads\/2026\/03\/Projektcollage-ohne-Logo8-1024x705.jpg 1024w, https:\/\/grub-architekten.de\/wp-content\/uploads\/2026\/03\/Projektcollage-ohne-Logo8-768x528.jpg 768w, https:\/\/grub-architekten.de\/wp-content\/uploads\/2026\/03\/Projektcollage-ohne-Logo8-1536x1057.jpg 1536w\" sizes=\"(max-width: 1920px) 100vw, 1920px\" \/><\/figure>\n\n\n\n<figure class=\"wp-block-image size-full\"><img loading=\"lazy\" width=\"1920\" height=\"1365\" src=\"https:\/\/grub-architekten.de\/wp-content\/uploads\/2026\/03\/Grundriss-EG.jpg\" alt=\"\" class=\"wp-image-1583\" srcset=\"https:\/\/grub-architekten.de\/wp-content\/uploads\/2026\/03\/Grundriss-EG.jpg 1920w, https:\/\/grub-architekten.de\/wp-content\/uploads\/2026\/03\/Grundriss-EG-300x213.jpg 300w, https:\/\/grub-architekten.de\/wp-content\/uploads\/2026\/03\/Grundriss-EG-1024x728.jpg 1024w, https:\/\/grub-architekten.de\/wp-content\/uploads\/2026\/03\/Grundriss-EG-768x546.jpg 768w, https:\/\/grub-architekten.de\/wp-content\/uploads\/2026\/03\/Grundriss-EG-1536x1092.jpg 1536w\" sizes=\"(max-width: 1920px) 100vw, 1920px\" \/><\/figure>\n<\/figure>\n<\/div>\n<\/div>\n<\/div>\n<\/div>\n<\/div><\/div>\n\n\n\n<p><\/p>\n","protected":false},"excerpt":{"rendered":"<p>Sanierung und Erweiterung nach neuer Schulbaurichtlinie RLP 3-z\u00fcgig als Clusterkonzeption (Flur-Lernzone) 12 Klassens\u00e4le, 2 GTS-R\u00e4ume, Atrium, Mensa, Mehrzweckraum etc. in Planung<\/p>\n","protected":false},"author":3,"featured_media":1550,"comment_status":"closed","ping_status":"closed","sticky":false,"template":"","format":"standard","meta":[],"categories":[1],"tags":[],"_links":{"self":[{"href":"https:\/\/grub-architekten.de\/index.php?rest_route=\/wp\/v2\/posts\/1545"}],"collection":[{"href":"https:\/\/grub-architekten.de\/index.php?rest_route=\/wp\/v2\/posts"}],"about":[{"href":"https:\/\/grub-architekten.de\/index.php?rest_route=\/wp\/v2\/types\/post"}],"author":[{"embeddable":true,"href":"https:\/\/grub-architekten.de\/index.php?rest_route=\/wp\/v2\/users\/3"}],"replies":[{"embeddable":true,"href":"https:\/\/grub-architekten.de\/index.php?rest_route=%2Fwp%2Fv2%2Fcomments&post=1545"}],"version-history":[{"count":19,"href":"https:\/\/grub-architekten.de\/index.php?rest_route=\/wp\/v2\/posts\/1545\/revisions"}],"predecessor-version":[{"id":1678,"href":"https:\/\/grub-architekten.de\/index.php?rest_route=\/wp\/v2\/posts\/1545\/revisions\/1678"}],"wp:featuredmedia":[{"embeddable":true,"href":"https:\/\/grub-architekten.de\/index.php?rest_route=\/wp\/v2\/media\/1550"}],"wp:attachment":[{"href":"https:\/\/grub-architekten.de\/index.php?rest_route=%2Fwp%2Fv2%2Fmedia&parent=1545"}],"wp:term":[{"taxonomy":"category","embeddable":true,"href":"https:\/\/grub-architekten.de\/index.php?rest_route=%2Fwp%2Fv2%2Fcategories&post=1545"},{"taxonomy":"post_tag","embeddable":true,"href":"https:\/\/grub-architekten.de\/index.php?rest_route=%2Fwp%2Fv2%2Ftags&post=1545"}],"curies":[{"name":"wp","href":"https:\/\/api.w.org\/{rel}","templated":true}]}}