{"id":1572,"date":"2026-03-24T14:11:11","date_gmt":"2026-03-24T13:11:11","guid":{"rendered":"https:\/\/grub-architekten.de\/?p=1572"},"modified":"2026-03-26T11:58:45","modified_gmt":"2026-03-26T10:58:45","slug":"gemeindezentrum-kita-kroeppen","status":"publish","type":"post","link":"https:\/\/grub-architekten.de\/?p=1572","title":{"rendered":"Gemeindezentrum &#038; Kindertagesst\u00e4tte Kr\u00f6ppen"},"content":{"rendered":"\n<ul><li>Neubau 2-gruppige Kindertagesst\u00e4tte mit Hort<\/li><li>Gemeindezentrum mit Veranstaltungssaal &amp; B\u00fcrgermeisterb\u00fcro<\/li><li>Bauhof<\/li><li>in Planung<\/li><\/ul>\n\n\n\n<figure class=\"wp-block-gallery has-nested-images columns-default is-cropped\">\n<figure class=\"wp-block-image size-large\"><img loading=\"lazy\" width=\"1024\" height=\"571\" data-id=\"1573\"  src=\"https:\/\/grub-architekten.de\/wp-content\/uploads\/2026\/03\/Kindergarten-Innenperspektive-Waldbistro-1024x571.jpg\" alt=\"\" class=\"wp-image-1573\" srcset=\"https:\/\/grub-architekten.de\/wp-content\/uploads\/2026\/03\/Kindergarten-Innenperspektive-Waldbistro-1024x571.jpg 1024w, https:\/\/grub-architekten.de\/wp-content\/uploads\/2026\/03\/Kindergarten-Innenperspektive-Waldbistro-300x167.jpg 300w, https:\/\/grub-architekten.de\/wp-content\/uploads\/2026\/03\/Kindergarten-Innenperspektive-Waldbistro-768x428.jpg 768w, https:\/\/grub-architekten.de\/wp-content\/uploads\/2026\/03\/Kindergarten-Innenperspektive-Waldbistro-1536x857.jpg 1536w, https:\/\/grub-architekten.de\/wp-content\/uploads\/2026\/03\/Kindergarten-Innenperspektive-Waldbistro.jpg 1920w\" sizes=\"(max-width: 1024px) 100vw, 1024px\" \/><\/figure>\n\n\n\n<figure class=\"wp-block-image size-large\"><img loading=\"lazy\" width=\"1024\" height=\"571\" data-id=\"1575\"  src=\"https:\/\/grub-architekten.de\/wp-content\/uploads\/2026\/03\/Kindergarten-Spielbereich-Aussen-1024x571.jpg\" alt=\"\" class=\"wp-image-1575\" srcset=\"https:\/\/grub-architekten.de\/wp-content\/uploads\/2026\/03\/Kindergarten-Spielbereich-Aussen-1024x571.jpg 1024w, https:\/\/grub-architekten.de\/wp-content\/uploads\/2026\/03\/Kindergarten-Spielbereich-Aussen-300x167.jpg 300w, https:\/\/grub-architekten.de\/wp-content\/uploads\/2026\/03\/Kindergarten-Spielbereich-Aussen-768x428.jpg 768w, https:\/\/grub-architekten.de\/wp-content\/uploads\/2026\/03\/Kindergarten-Spielbereich-Aussen-1536x857.jpg 1536w, https:\/\/grub-architekten.de\/wp-content\/uploads\/2026\/03\/Kindergarten-Spielbereich-Aussen.jpg 1920w\" sizes=\"(max-width: 1024px) 100vw, 1024px\" \/><\/figure>\n<\/figure>\n","protected":false},"excerpt":{"rendered":"<p>Neubau 2-gruppige Kindertagesst\u00e4tte mit Hort Gemeindezentrum mit Veranstaltungssaal &amp; B\u00fcrgermeisterb\u00fcro Bauhof in Planung<\/p>\n","protected":false},"author":3,"featured_media":1574,"comment_status":"closed","ping_status":"closed","sticky":false,"template":"","format":"standard","meta":[],"categories":[1],"tags":[],"_links":{"self":[{"href":"https:\/\/grub-architekten.de\/index.php?rest_route=\/wp\/v2\/posts\/1572"}],"collection":[{"href":"https:\/\/grub-architekten.de\/index.php?rest_route=\/wp\/v2\/posts"}],"about":[{"href":"https:\/\/grub-architekten.de\/index.php?rest_route=\/wp\/v2\/types\/post"}],"author":[{"embeddable":true,"href":"https:\/\/grub-architekten.de\/index.php?rest_route=\/wp\/v2\/users\/3"}],"replies":[{"embeddable":true,"href":"https:\/\/grub-architekten.de\/index.php?rest_route=%2Fwp%2Fv2%2Fcomments&post=1572"}],"version-history":[{"count":2,"href":"https:\/\/grub-architekten.de\/index.php?rest_route=\/wp\/v2\/posts\/1572\/revisions"}],"predecessor-version":[{"id":1642,"href":"https:\/\/grub-architekten.de\/index.php?rest_route=\/wp\/v2\/posts\/1572\/revisions\/1642"}],"wp:featuredmedia":[{"embeddable":true,"href":"https:\/\/grub-architekten.de\/index.php?rest_route=\/wp\/v2\/media\/1574"}],"wp:attachment":[{"href":"https:\/\/grub-architekten.de\/index.php?rest_route=%2Fwp%2Fv2%2Fmedia&parent=1572"}],"wp:term":[{"taxonomy":"category","embeddable":true,"href":"https:\/\/grub-architekten.de\/index.php?rest_route=%2Fwp%2Fv2%2Fcategories&post=1572"},{"taxonomy":"post_tag","embeddable":true,"href":"https:\/\/grub-architekten.de\/index.php?rest_route=%2Fwp%2Fv2%2Ftags&post=1572"}],"curies":[{"name":"wp","href":"https:\/\/api.w.org\/{rel}","templated":true}]}}