{"id":751,"date":"2019-02-13T10:03:17","date_gmt":"2019-02-13T09:03:17","guid":{"rendered":"http:\/\/grub-architekten.de\/wp\/?p=751"},"modified":"2022-03-31T15:40:07","modified_gmt":"2022-03-31T13:40:07","slug":"rosengarten-zweibruecken","status":"publish","type":"post","link":"https:\/\/grub-architekten.de\/?p=751","title":{"rendered":"Rosengarten Zweibr\u00fccken"},"content":{"rendered":"\n<p><\/p>\n\n\n\n<ul><li>Neugestaltung des Eingangsbereiches zur \u00f6ffentlichen Parkanlage inkl. Sanit\u00e4rgeb\u00e4ude<\/li><li>Fertigstellung 2008<\/li><\/ul>\n\n\n\n<figure class=\"wp-block-gallery columns-3 is-cropped\"><ul class=\"blocks-gallery-grid\"><li class=\"blocks-gallery-item\"><figure><img loading=\"lazy\" width=\"1024\" height=\"680\" src=\"https:\/\/grub-architekten.de\/wp\/wp-content\/uploads\/2019\/01\/IMG_0008-1024x680.jpg\" alt=\"\" data-id=\"631\" data-link=\"https:\/\/grub-architekten.de\/wp\/?attachment_id=631\" class=\"wp-image-631\" srcset=\"https:\/\/grub-architekten.de\/wp-content\/uploads\/2019\/01\/IMG_0008-1024x680.jpg 1024w, https:\/\/grub-architekten.de\/wp-content\/uploads\/2019\/01\/IMG_0008-300x199.jpg 300w, https:\/\/grub-architekten.de\/wp-content\/uploads\/2019\/01\/IMG_0008-768x510.jpg 768w, https:\/\/grub-architekten.de\/wp-content\/uploads\/2019\/01\/IMG_0008.jpg 2048w\" sizes=\"(max-width: 1024px) 100vw, 1024px\" \/><\/figure><\/li><li class=\"blocks-gallery-item\"><figure><img loading=\"lazy\" width=\"1024\" height=\"735\" src=\"https:\/\/grub-architekten.de\/wp\/wp-content\/uploads\/2019\/01\/bild01-1024x735.jpg\" alt=\"\" data-id=\"627\" data-link=\"https:\/\/grub-architekten.de\/wp\/?attachment_id=627\" class=\"wp-image-627\" srcset=\"https:\/\/grub-architekten.de\/wp-content\/uploads\/2019\/01\/bild01-1024x735.jpg 1024w, https:\/\/grub-architekten.de\/wp-content\/uploads\/2019\/01\/bild01-300x215.jpg 300w, https:\/\/grub-architekten.de\/wp-content\/uploads\/2019\/01\/bild01-768x551.jpg 768w, https:\/\/grub-architekten.de\/wp-content\/uploads\/2019\/01\/bild01.jpg 1522w\" sizes=\"(max-width: 1024px) 100vw, 1024px\" \/><\/figure><\/li><li class=\"blocks-gallery-item\"><figure><img loading=\"lazy\" width=\"1024\" height=\"768\" src=\"https:\/\/grub-architekten.de\/wp\/wp-content\/uploads\/2019\/01\/DSC00085-1024x768.jpg\" alt=\"\" data-id=\"629\" data-link=\"https:\/\/grub-architekten.de\/wp\/?attachment_id=629\" class=\"wp-image-629\" srcset=\"https:\/\/grub-architekten.de\/wp-content\/uploads\/2019\/01\/DSC00085-1024x768.jpg 1024w, https:\/\/grub-architekten.de\/wp-content\/uploads\/2019\/01\/DSC00085-300x225.jpg 300w, https:\/\/grub-architekten.de\/wp-content\/uploads\/2019\/01\/DSC00085-768x576.jpg 768w\" sizes=\"(max-width: 1024px) 100vw, 1024px\" \/><\/figure><\/li><\/ul><\/figure>\n","protected":false},"excerpt":{"rendered":"<p>Neugestaltung des Eingangsbereiches zur \u00f6ffentlichen Parkanlage inkl. Sanit\u00e4rgeb\u00e4ude Fertigstellung 2008<\/p>\n","protected":false},"author":3,"featured_media":633,"comment_status":"open","ping_status":"open","sticky":false,"template":"","format":"standard","meta":[],"categories":[1],"tags":[],"_links":{"self":[{"href":"https:\/\/grub-architekten.de\/index.php?rest_route=\/wp\/v2\/posts\/751"}],"collection":[{"href":"https:\/\/grub-architekten.de\/index.php?rest_route=\/wp\/v2\/posts"}],"about":[{"href":"https:\/\/grub-architekten.de\/index.php?rest_route=\/wp\/v2\/types\/post"}],"author":[{"embeddable":true,"href":"https:\/\/grub-architekten.de\/index.php?rest_route=\/wp\/v2\/users\/3"}],"replies":[{"embeddable":true,"href":"https:\/\/grub-architekten.de\/index.php?rest_route=%2Fwp%2Fv2%2Fcomments&post=751"}],"version-history":[{"count":5,"href":"https:\/\/grub-architekten.de\/index.php?rest_route=\/wp\/v2\/posts\/751\/revisions"}],"predecessor-version":[{"id":1158,"href":"https:\/\/grub-architekten.de\/index.php?rest_route=\/wp\/v2\/posts\/751\/revisions\/1158"}],"wp:featuredmedia":[{"embeddable":true,"href":"https:\/\/grub-architekten.de\/index.php?rest_route=\/wp\/v2\/media\/633"}],"wp:attachment":[{"href":"https:\/\/grub-architekten.de\/index.php?rest_route=%2Fwp%2Fv2%2Fmedia&parent=751"}],"wp:term":[{"taxonomy":"category","embeddable":true,"href":"https:\/\/grub-architekten.de\/index.php?rest_route=%2Fwp%2Fv2%2Fcategories&post=751"},{"taxonomy":"post_tag","embeddable":true,"href":"https:\/\/grub-architekten.de\/index.php?rest_route=%2Fwp%2Fv2%2Ftags&post=751"}],"curies":[{"name":"wp","href":"https:\/\/api.w.org\/{rel}","templated":true}]}}