{"id":755,"date":"2019-02-13T10:05:52","date_gmt":"2019-02-13T09:05:52","guid":{"rendered":"http:\/\/grub-architekten.de\/wp\/?p=755"},"modified":"2022-03-31T15:39:18","modified_gmt":"2022-03-31T13:39:18","slug":"geiweilerhof","status":"publish","type":"post","link":"https:\/\/grub-architekten.de\/?p=755","title":{"rendered":"Julius-K\u00fchn-Institut, Geilweilerhof, Siebeldingen"},"content":{"rendered":"\n<p><\/p>\n\n\n\n<ul><li>Neubau eines Laborgeb\u00e4udes f\u00fcr Rebenzucht inkl. Gew\u00e4chshaus mit 16 einzelklimatisierten Gew\u00e4chshauszellen (Bundesbauprojekt)<\/li><li>Fertigstellung 2015<\/li><\/ul>\n\n\n\n<div class=\"wp-container-1 wp-block-group\"><div class=\"wp-block-group__inner-container\"><\/div><\/div>\n\n\n\n<figure class=\"wp-block-gallery columns-3 is-cropped\"><ul class=\"blocks-gallery-grid\"><li class=\"blocks-gallery-item\"><figure><img loading=\"lazy\" width=\"1024\" height=\"768\" src=\"https:\/\/grub-architekten.de\/wp\/wp-content\/uploads\/2019\/02\/JKI-Siebeldingen-GewN\u0303chshaus-dc59348e-1024x768.jpeg\" alt=\"\" data-id=\"1251\" data-full-url=\"https:\/\/grub-architekten.de\/wp\/wp-content\/uploads\/2019\/02\/JKI-Siebeldingen-GewN\u0303chshaus-dc59348e.jpeg\" data-link=\"https:\/\/grub-architekten.de\/wp\/?attachment_id=1251\" class=\"wp-image-1251\" srcset=\"https:\/\/grub-architekten.de\/wp-content\/uploads\/2019\/02\/JKI-Siebeldingen-GewN\u0303chshaus-dc59348e-1024x768.jpeg 1024w, https:\/\/grub-architekten.de\/wp-content\/uploads\/2019\/02\/JKI-Siebeldingen-GewN\u0303chshaus-dc59348e-300x225.jpeg 300w, https:\/\/grub-architekten.de\/wp-content\/uploads\/2019\/02\/JKI-Siebeldingen-GewN\u0303chshaus-dc59348e-768x576.jpeg 768w, https:\/\/grub-architekten.de\/wp-content\/uploads\/2019\/02\/JKI-Siebeldingen-GewN\u0303chshaus-dc59348e-1536x1152.jpeg 1536w, https:\/\/grub-architekten.de\/wp-content\/uploads\/2019\/02\/JKI-Siebeldingen-GewN\u0303chshaus-dc59348e.jpeg 1920w\" sizes=\"(max-width: 1024px) 100vw, 1024px\" \/><\/figure><\/li><li class=\"blocks-gallery-item\"><figure><img loading=\"lazy\" width=\"1000\" height=\"600\" src=\"https:\/\/grub-architekten.de\/wp\/wp-content\/uploads\/2019\/02\/geilweilerhof01_1000x600.jpg\" alt=\"\" data-id=\"1252\" data-full-url=\"https:\/\/grub-architekten.de\/wp\/wp-content\/uploads\/2019\/02\/geilweilerhof01_1000x600.jpg\" data-link=\"https:\/\/grub-architekten.de\/wp\/?attachment_id=1252\" class=\"wp-image-1252\" srcset=\"https:\/\/grub-architekten.de\/wp-content\/uploads\/2019\/02\/geilweilerhof01_1000x600.jpg 1000w, https:\/\/grub-architekten.de\/wp-content\/uploads\/2019\/02\/geilweilerhof01_1000x600-300x180.jpg 300w, https:\/\/grub-architekten.de\/wp-content\/uploads\/2019\/02\/geilweilerhof01_1000x600-768x461.jpg 768w\" sizes=\"(max-width: 1000px) 100vw, 1000px\" \/><\/figure><\/li><li class=\"blocks-gallery-item\"><figure><img loading=\"lazy\" width=\"1024\" height=\"768\" src=\"https:\/\/grub-architekten.de\/wp\/wp-content\/uploads\/2020\/01\/G.wlrhof_575_24.05.11-1024x768.jpg\" alt=\"\" data-id=\"1020\" data-full-url=\"https:\/\/grub-architekten.de\/wp\/wp-content\/uploads\/2020\/01\/G.wlrhof_575_24.05.11.jpg\" data-link=\"https:\/\/grub-architekten.de\/wp\/?attachment_id=1020\" class=\"wp-image-1020\" srcset=\"https:\/\/grub-architekten.de\/wp-content\/uploads\/2020\/01\/G.wlrhof_575_24.05.11-1024x768.jpg 1024w, https:\/\/grub-architekten.de\/wp-content\/uploads\/2020\/01\/G.wlrhof_575_24.05.11-300x225.jpg 300w, https:\/\/grub-architekten.de\/wp-content\/uploads\/2020\/01\/G.wlrhof_575_24.05.11-768x576.jpg 768w\" sizes=\"(max-width: 1024px) 100vw, 1024px\" \/><\/figure><\/li><\/ul><\/figure>\n\n\n\n<p><\/p>\n","protected":false},"excerpt":{"rendered":"<p>Neubau eines Laborgeb\u00e4udes f\u00fcr Rebenzucht inkl. Gew\u00e4chshaus mit 16 einzelklimatisierten Gew\u00e4chshauszellen (Bundesbauprojekt) Fertigstellung 2015<\/p>\n","protected":false},"author":2,"featured_media":389,"comment_status":"closed","ping_status":"closed","sticky":false,"template":"","format":"standard","meta":[],"categories":[1],"tags":[],"_links":{"self":[{"href":"https:\/\/grub-architekten.de\/index.php?rest_route=\/wp\/v2\/posts\/755"}],"collection":[{"href":"https:\/\/grub-architekten.de\/index.php?rest_route=\/wp\/v2\/posts"}],"about":[{"href":"https:\/\/grub-architekten.de\/index.php?rest_route=\/wp\/v2\/types\/post"}],"author":[{"embeddable":true,"href":"https:\/\/grub-architekten.de\/index.php?rest_route=\/wp\/v2\/users\/2"}],"replies":[{"embeddable":true,"href":"https:\/\/grub-architekten.de\/index.php?rest_route=%2Fwp%2Fv2%2Fcomments&post=755"}],"version-history":[{"count":11,"href":"https:\/\/grub-architekten.de\/index.php?rest_route=\/wp\/v2\/posts\/755\/revisions"}],"predecessor-version":[{"id":1255,"href":"https:\/\/grub-architekten.de\/index.php?rest_route=\/wp\/v2\/posts\/755\/revisions\/1255"}],"wp:featuredmedia":[{"embeddable":true,"href":"https:\/\/grub-architekten.de\/index.php?rest_route=\/wp\/v2\/media\/389"}],"wp:attachment":[{"href":"https:\/\/grub-architekten.de\/index.php?rest_route=%2Fwp%2Fv2%2Fmedia&parent=755"}],"wp:term":[{"taxonomy":"category","embeddable":true,"href":"https:\/\/grub-architekten.de\/index.php?rest_route=%2Fwp%2Fv2%2Fcategories&post=755"},{"taxonomy":"post_tag","embeddable":true,"href":"https:\/\/grub-architekten.de\/index.php?rest_route=%2Fwp%2Fv2%2Ftags&post=755"}],"curies":[{"name":"wp","href":"https:\/\/api.w.org\/{rel}","templated":true}]}}